{"id":599,"date":"2017-04-01T21:39:28","date_gmt":"2017-04-01T18:39:28","guid":{"rendered":"http:\/\/kuljuntausta.com\/?p=599"},"modified":"2017-04-02T00:07:12","modified_gmt":"2017-04-01T21:07:12","slug":"the-blow","status":"publish","type":"post","link":"https:\/\/kuljuntausta.com\/index.php\/2017\/04\/01\/the-blow\/","title":{"rendered":"The Blow"},"content":{"rendered":"<h3>The Blow<\/h3>\n<div id=\"stcpDiv\">1998<\/div>\n<div><\/div>\n<div>Video direced by Sami van Ingen<\/div>\n<div>Music by Petri Kuljuntausta<\/div>\n<div><\/div>\n<div>\n<div id=\"stcpDiv\">The Blow on subjektiivinen draama taitelijan isois\u00e4n talon tiet\u00e4millt\u00e4. Muistot koostuvat esineist\u00e4 tai tiedosta. N\u00e4m\u00e4 luovat v\u00e4limatkan. Et\u00e4isyytt\u00e4 kutsutaan historiaksi.<\/div>\n<\/div>\n<p><\/p>","protected":false},"excerpt":{"rendered":"<p>The Blow 1998 Video direced by Sami van Ingen Music by Petri Kuljuntausta The Blow on subjektiivinen draama taitelijan isois\u00e4n talon tiet\u00e4millt\u00e4. Muistot koostuvat esineist\u00e4 tai tiedosta. N\u00e4m\u00e4 luovat v\u00e4limatkan. Et\u00e4isyytt\u00e4 kutsutaan historiaksi.<\/p>\n","protected":false},"author":1,"featured_media":628,"comment_status":"closed","ping_status":"closed","sticky":false,"template":"","format":"image","meta":{"spay_email":"","jetpack_publicize_message":"","jetpack_is_tweetstorm":false},"categories":[1],"tags":[],"jetpack_featured_media_url":"https:\/\/kuljuntausta.com\/wp-content\/uploads\/2017\/04\/blow-silm\u00e43.jpg","jetpack_publicize_connections":[],"yoast_head":"<!-- This site is optimized with the Yoast SEO plugin v15.4 - https:\/\/yoast.com\/wordpress\/plugins\/seo\/ -->\n<title>The Blow - Petri Kuljuntausta<\/title>\n<meta name=\"robots\" content=\"index, follow, max-snippet:-1, max-image-preview:large, max-video-preview:-1\" \/>\n<link rel=\"canonical\" href=\"https:\/\/kuljuntausta.com\/index.php\/2017\/04\/01\/the-blow\/\" \/>\n<meta property=\"og:locale\" content=\"en_GB\" \/>\n<meta property=\"og:type\" content=\"article\" \/>\n<meta property=\"og:title\" content=\"The Blow - Petri Kuljuntausta\" \/>\n<meta property=\"og:description\" content=\"The Blow 1998 Video direced by Sami van Ingen Music by Petri Kuljuntausta The Blow on subjektiivinen draama taitelijan isois\u00e4n talon tiet\u00e4millt\u00e4. Muistot koostuvat esineist\u00e4 tai tiedosta. N\u00e4m\u00e4 luovat v\u00e4limatkan. Et\u00e4isyytt\u00e4 kutsutaan historiaksi.\" \/>\n<meta property=\"og:url\" content=\"https:\/\/kuljuntausta.com\/index.php\/2017\/04\/01\/the-blow\/\" \/>\n<meta property=\"og:site_name\" content=\"Petri Kuljuntausta\" \/>\n<meta property=\"article:published_time\" content=\"2017-04-01T18:39:28+00:00\" \/>\n<meta property=\"article:modified_time\" content=\"2017-04-01T21:07:12+00:00\" \/>\n<meta property=\"og:image\" content=\"https:\/\/kuljuntausta.com\/wp-content\/uploads\/2017\/04\/blow-silm\u00e43.jpg\" \/>\n\t<meta property=\"og:image:width\" content=\"700\" \/>\n\t<meta property=\"og:image:height\" content=\"570\" \/>\n<meta name=\"twitter:card\" content=\"summary\" \/>\n<meta name=\"twitter:label1\" content=\"Written by\">\n\t<meta name=\"twitter:data1\" content=\"PK13425-OVH\">\n\t<meta name=\"twitter:label2\" content=\"Estimated reading time\">\n\t<meta name=\"twitter:data2\" content=\"0 minutes\">\n<script type=\"application\/ld+json\" class=\"yoast-schema-graph\">{\"@context\":\"https:\/\/schema.org\",\"@graph\":[{\"@type\":\"WebSite\",\"@id\":\"https:\/\/kuljuntausta.com\/#website\",\"url\":\"https:\/\/kuljuntausta.com\/\",\"name\":\"Petri Kuljuntausta\",\"description\":\"\",\"potentialAction\":[{\"@type\":\"SearchAction\",\"target\":\"https:\/\/kuljuntausta.com\/?s={search_term_string}\",\"query-input\":\"required name=search_term_string\"}],\"inLanguage\":\"en-GB\"},{\"@type\":\"ImageObject\",\"@id\":\"https:\/\/kuljuntausta.com\/index.php\/2017\/04\/01\/the-blow\/#primaryimage\",\"inLanguage\":\"en-GB\",\"url\":\"https:\/\/kuljuntausta.com\/wp-content\/uploads\/2017\/04\/blow-silm\\u00e43.jpg\",\"width\":700,\"height\":570},{\"@type\":\"WebPage\",\"@id\":\"https:\/\/kuljuntausta.com\/index.php\/2017\/04\/01\/the-blow\/#webpage\",\"url\":\"https:\/\/kuljuntausta.com\/index.php\/2017\/04\/01\/the-blow\/\",\"name\":\"The Blow - Petri Kuljuntausta\",\"isPartOf\":{\"@id\":\"https:\/\/kuljuntausta.com\/#website\"},\"primaryImageOfPage\":{\"@id\":\"https:\/\/kuljuntausta.com\/index.php\/2017\/04\/01\/the-blow\/#primaryimage\"},\"datePublished\":\"2017-04-01T18:39:28+00:00\",\"dateModified\":\"2017-04-01T21:07:12+00:00\",\"author\":{\"@id\":\"https:\/\/kuljuntausta.com\/#\/schema\/person\/183b9a8bcf6ea5ee34695f6a847ccd6b\"},\"inLanguage\":\"en-GB\",\"potentialAction\":[{\"@type\":\"ReadAction\",\"target\":[\"https:\/\/kuljuntausta.com\/index.php\/2017\/04\/01\/the-blow\/\"]}]},{\"@type\":\"Person\",\"@id\":\"https:\/\/kuljuntausta.com\/#\/schema\/person\/183b9a8bcf6ea5ee34695f6a847ccd6b\",\"name\":\"PK13425-OVH\",\"image\":{\"@type\":\"ImageObject\",\"@id\":\"https:\/\/kuljuntausta.com\/#personlogo\",\"inLanguage\":\"en-GB\",\"url\":\"https:\/\/secure.gravatar.com\/avatar\/fa2fb1f559fe3667a4d41294820a9300?s=96&d=mm&r=g\",\"caption\":\"PK13425-OVH\"}}]}<\/script>\n<!-- \/ Yoast SEO plugin. -->","jetpack_sharing_enabled":true,"jetpack_shortlink":"https:\/\/wp.me\/p7UaIW-9F","_links":{"self":[{"href":"https:\/\/kuljuntausta.com\/index.php\/wp-json\/wp\/v2\/posts\/599"}],"collection":[{"href":"https:\/\/kuljuntausta.com\/index.php\/wp-json\/wp\/v2\/posts"}],"about":[{"href":"https:\/\/kuljuntausta.com\/index.php\/wp-json\/wp\/v2\/types\/post"}],"author":[{"embeddable":true,"href":"https:\/\/kuljuntausta.com\/index.php\/wp-json\/wp\/v2\/users\/1"}],"replies":[{"embeddable":true,"href":"https:\/\/kuljuntausta.com\/index.php\/wp-json\/wp\/v2\/comments?post=599"}],"version-history":[{"count":1,"href":"https:\/\/kuljuntausta.com\/index.php\/wp-json\/wp\/v2\/posts\/599\/revisions"}],"predecessor-version":[{"id":601,"href":"https:\/\/kuljuntausta.com\/index.php\/wp-json\/wp\/v2\/posts\/599\/revisions\/601"}],"wp:featuredmedia":[{"embeddable":true,"href":"https:\/\/kuljuntausta.com\/index.php\/wp-json\/wp\/v2\/media\/628"}],"wp:attachment":[{"href":"https:\/\/kuljuntausta.com\/index.php\/wp-json\/wp\/v2\/media?parent=599"}],"wp:term":[{"taxonomy":"category","embeddable":true,"href":"https:\/\/kuljuntausta.com\/index.php\/wp-json\/wp\/v2\/categories?post=599"},{"taxonomy":"post_tag","embeddable":true,"href":"https:\/\/kuljuntausta.com\/index.php\/wp-json\/wp\/v2\/tags?post=599"}],"curies":[{"name":"wp","href":"https:\/\/api.w.org\/{rel}","templated":true}]}}